{"id":533,"date":"2025-08-07T23:41:22","date_gmt":"2025-08-07T21:41:22","guid":{"rendered":"https:\/\/tempelbyggareorden.org\/?p=533"},"modified":"2025-08-08T09:21:57","modified_gmt":"2025-08-08T07:21:57","slug":"ny-stormastare-vald-vid-general-konventet","status":"publish","type":"post","link":"https:\/\/tempelbyggareorden.org\/nb\/ny-stormastare-vald-vid-general-konventet\/","title":{"rendered":"Ny Stormester valgt ved General Konventet"},"content":{"rendered":"<div data-elementor-type=\"wp-post\" data-elementor-id=\"533\" class=\"elementor elementor-533\" data-elementor-post-type=\"post\">\n\t\t\t\t\t\t<section class=\"elementor-section elementor-top-section elementor-element elementor-element-cc4f1ec elementor-section-boxed elementor-section-height-default elementor-section-height-default\" data-id=\"cc4f1ec\" data-element_type=\"section\" data-e-type=\"section\">\n\t\t\t\t\t\t<div class=\"elementor-container elementor-column-gap-default\">\n\t\t\t\t\t<div class=\"elementor-column elementor-col-100 elementor-top-column elementor-element elementor-element-80d656d\" data-id=\"80d656d\" data-element_type=\"column\" data-e-type=\"column\">\n\t\t\t<div class=\"elementor-widget-wrap elementor-element-populated\">\n\t\t\t\t\t\t<div class=\"elementor-element elementor-element-b71ec15 elementor-widget elementor-widget-heading\" data-id=\"b71ec15\" data-element_type=\"widget\" data-e-type=\"widget\" data-widget_type=\"heading.default\">\n\t\t\t\t<div class=\"elementor-widget-container\">\n\t\t\t\t\t<h1 class=\"elementor-heading-title elementor-size-default\">Ny Stormester valgt<\/h1>\t\t\t\t<\/div>\n\t\t\t\t<\/div>\n\t\t\t\t\t<\/div>\n\t\t<\/div>\n\t\t\t\t\t<\/div>\n\t\t<\/section>\n\t\t\t\t<section class=\"elementor-section elementor-top-section elementor-element elementor-element-b1bc857 elementor-section-boxed elementor-section-height-default elementor-section-height-default\" data-id=\"b1bc857\" data-element_type=\"section\" data-e-type=\"section\">\n\t\t\t\t\t\t<div class=\"elementor-container elementor-column-gap-default\">\n\t\t\t\t\t<div class=\"elementor-column elementor-col-100 elementor-top-column elementor-element elementor-element-36c1b1b\" data-id=\"36c1b1b\" data-element_type=\"column\" data-e-type=\"column\">\n\t\t\t<div class=\"elementor-widget-wrap elementor-element-populated\">\n\t\t\t\t\t\t<div class=\"elementor-element elementor-element-441e842 elementor-widget elementor-widget-text-editor\" data-id=\"441e842\" data-element_type=\"widget\" data-e-type=\"widget\" data-widget_type=\"text-editor.default\">\n\t\t\t\t<div class=\"elementor-widget-container\">\n\t\t\t\t\t\t\t\t\t<p><strong>Ved m\u00e5nedsskiftet juli\/august 2025 holdt Tempel Byggere Orden og Tempel Ridder Orden General Konvent i Bor\u00e5s. P\u00e5 General Konventet ble nye representanter for ordenen valgt.<\/strong><\/p>\t\t\t\t\t\t\t\t<\/div>\n\t\t\t\t<\/div>\n\t\t\t\t<section class=\"elementor-section elementor-inner-section elementor-element elementor-element-529f7e8 elementor-section-boxed elementor-section-height-default elementor-section-height-default\" data-id=\"529f7e8\" data-element_type=\"section\" data-e-type=\"section\">\n\t\t\t\t\t\t<div class=\"elementor-container elementor-column-gap-default\">\n\t\t\t\t\t<div class=\"elementor-column elementor-col-50 elementor-inner-column elementor-element elementor-element-eefb2b3\" data-id=\"eefb2b3\" data-element_type=\"column\" data-e-type=\"column\">\n\t\t\t<div class=\"elementor-widget-wrap elementor-element-populated\">\n\t\t\t\t\t\t<div class=\"elementor-element elementor-element-d7041d3 elementor-widget elementor-widget-text-editor\" data-id=\"d7041d3\" data-element_type=\"widget\" data-e-type=\"widget\" data-widget_type=\"text-editor.default\">\n\t\t\t\t<div class=\"elementor-widget-container\">\n\t\t\t\t\t\t\t\t\t<p>Til ny stormester for de kommende tre \u00e5rene ble Ingrid Kallstr\u00f6m Bengtsson valgt. Hun vil sammen med Stormesterr\u00e5det lede ordenen frem til 2028.<\/p><p>Bilder av hele r\u00e5det finner du ved \u00e5 klikke p\u00e5 menyen Om Orden \/ Ordens ledelse ovenfor.<\/p>\t\t\t\t\t\t\t\t<\/div>\n\t\t\t\t<\/div>\n\t\t\t\t\t<\/div>\n\t\t<\/div>\n\t\t\t\t<div class=\"elementor-column elementor-col-50 elementor-inner-column elementor-element elementor-element-1773429\" data-id=\"1773429\" data-element_type=\"column\" data-e-type=\"column\">\n\t\t\t<div class=\"elementor-widget-wrap elementor-element-populated\">\n\t\t\t\t\t\t<div class=\"elementor-element elementor-element-540019f elementor-widget elementor-widget-image\" data-id=\"540019f\" data-element_type=\"widget\" data-e-type=\"widget\" data-widget_type=\"image.default\">\n\t\t\t\t<div class=\"elementor-widget-container\">\n\t\t\t\t\t\t\t\t\t\t\t\t<figure class=\"wp-caption\">\n\t\t\t\t\t\t\t\t\t\t\t<a href=\"https:\/\/tempelbyggareorden.org\/wp-content\/uploads\/2025\/08\/TBO-SM-25-28.webp\" data-elementor-open-lightbox=\"yes\" data-elementor-lightbox-title=\"TBO SM 25 28\" data-e-action-hash=\"#elementor-action%3Aaction%3Dlightbox%26settings%3DeyJpZCI6NTE2LCJ1cmwiOiJodHRwczpcL1wvdGVtcGVsYnlnZ2FyZW9yZGVuLm9yZ1wvd3AtY29udGVudFwvdXBsb2Fkc1wvMjAyNVwvMDhcL1RCTy1TTS0yNS0yOC53ZWJwIn0%3D\">\n\t\t\t\t\t\t\t<img fetchpriority=\"high\" decoding=\"async\" width=\"739\" height=\"1024\" src=\"https:\/\/tempelbyggareorden.org\/wp-content\/uploads\/2025\/08\/TBO-SM-25-28.webp\" class=\"attachment-medium_large size-medium_large wp-image-516\" alt=\"\" srcset=\"https:\/\/tempelbyggareorden.org\/wp-content\/uploads\/2025\/08\/TBO-SM-25-28.webp 739w, https:\/\/tempelbyggareorden.org\/wp-content\/uploads\/2025\/08\/TBO-SM-25-28-217x300.webp 217w, https:\/\/tempelbyggareorden.org\/wp-content\/uploads\/2025\/08\/TBO-SM-25-28-9x12.webp 9w\" sizes=\"(max-width: 739px) 100vw, 739px\" \/>\t\t\t\t\t\t\t\t<\/a>\n\t\t\t\t\t\t\t\t\t\t\t<figcaption class=\"widget-image-caption wp-caption-text\">Tempel Byggere Ordens Stormester Ingrid Kallstr\u00f6m-Bengtsson<\/figcaption>\n\t\t\t\t\t\t\t\t\t\t<\/figure>\n\t\t\t\t\t\t\t\t\t<\/div>\n\t\t\t\t<\/div>\n\t\t\t\t\t<\/div>\n\t\t<\/div>\n\t\t\t\t\t<\/div>\n\t\t<\/section>\n\t\t\t\t\t<\/div>\n\t\t<\/div>\n\t\t\t\t\t<\/div>\n\t\t<\/section>\n\t\t\t\t<section class=\"elementor-section elementor-top-section elementor-element elementor-element-c40dada elementor-section-boxed elementor-section-height-default elementor-section-height-default\" data-id=\"c40dada\" data-element_type=\"section\" data-e-type=\"section\">\n\t\t\t\t\t\t<div class=\"elementor-container elementor-column-gap-default\">\n\t\t\t\t\t<div class=\"elementor-column elementor-col-100 elementor-top-column elementor-element elementor-element-5dea3b2\" data-id=\"5dea3b2\" data-element_type=\"column\" data-e-type=\"column\">\n\t\t\t<div class=\"elementor-widget-wrap elementor-element-populated\">\n\t\t\t\t\t\t<section class=\"elementor-section elementor-inner-section elementor-element elementor-element-5c6a3ff elementor-section-boxed elementor-section-height-default elementor-section-height-default\" data-id=\"5c6a3ff\" data-element_type=\"section\" data-e-type=\"section\">\n\t\t\t\t\t\t<div class=\"elementor-container elementor-column-gap-default\">\n\t\t\t\t\t<div class=\"elementor-column elementor-col-50 elementor-inner-column elementor-element elementor-element-d1d8a8e\" data-id=\"d1d8a8e\" data-element_type=\"column\" data-e-type=\"column\">\n\t\t\t<div class=\"elementor-widget-wrap elementor-element-populated\">\n\t\t\t\t\t\t<div class=\"elementor-element elementor-element-0df6072 elementor-widget elementor-widget-text-editor\" data-id=\"0df6072\" data-element_type=\"widget\" data-e-type=\"widget\" data-widget_type=\"text-editor.default\">\n\t\t\t\t<div class=\"elementor-widget-container\">\n\t\t\t\t\t\t\t\t\t<h2>Tempel Ridder Ordenen<\/h2><p class=\"translation-block\">Ogs\u00e5 Tempel Ridder Orden valgte nye representanter ved General Konventet. For \u00e5 se tilsvarende informasjon, bes\u00f8k deres nettside: www.tempelriddareorden.se<\/p>\t\t\t\t\t\t\t\t<\/div>\n\t\t\t\t<\/div>\n\t\t\t\t\t<\/div>\n\t\t<\/div>\n\t\t\t\t<div class=\"elementor-column elementor-col-50 elementor-inner-column elementor-element elementor-element-d01fd38\" data-id=\"d01fd38\" data-element_type=\"column\" data-e-type=\"column\">\n\t\t\t<div class=\"elementor-widget-wrap elementor-element-populated\">\n\t\t\t\t\t\t<div class=\"elementor-element elementor-element-2c1227a elementor-widget elementor-widget-image\" data-id=\"2c1227a\" data-element_type=\"widget\" data-e-type=\"widget\" data-widget_type=\"image.default\">\n\t\t\t\t<div class=\"elementor-widget-container\">\n\t\t\t\t\t\t\t\t\t\t\t\t\t\t\t\t<a href=\"https:\/\/tempelriddareorden.se\/ny-stormastare-och-hogste-stormastare\/\" target=\"_blank\">\n\t\t\t\t\t\t\t<img decoding=\"async\" width=\"968\" height=\"699\" src=\"https:\/\/tempelbyggareorden.org\/wp-content\/uploads\/2025\/08\/HSM-STMR-25-28.webp\" class=\"attachment-large size-large wp-image-518\" alt=\"\" srcset=\"https:\/\/tempelbyggareorden.org\/wp-content\/uploads\/2025\/08\/HSM-STMR-25-28.webp 1024w, https:\/\/tempelbyggareorden.org\/wp-content\/uploads\/2025\/08\/HSM-STMR-25-28-300x217.webp 300w, https:\/\/tempelbyggareorden.org\/wp-content\/uploads\/2025\/08\/HSM-STMR-25-28-768x554.webp 768w, https:\/\/tempelbyggareorden.org\/wp-content\/uploads\/2025\/08\/HSM-STMR-25-28-18x12.webp 18w\" sizes=\"(max-width: 968px) 100vw, 968px\" \/>\t\t\t\t\t\t\t\t<\/a>\n\t\t\t\t\t\t\t\t\t\t\t\t\t\t\t<\/div>\n\t\t\t\t<\/div>\n\t\t\t\t\t<\/div>\n\t\t<\/div>\n\t\t\t\t\t<\/div>\n\t\t<\/section>\n\t\t\t\t\t<\/div>\n\t\t<\/div>\n\t\t\t\t\t<\/div>\n\t\t<\/section>\n\t\t\t\t<\/div>","protected":false},"excerpt":{"rendered":"<p>Ny Storm\u00e4stare vald I m\u00e5nadsskiftet juli\/augusti 2025 h\u00f6ll Tempel Byggare Orden och Tempel Riddare Orden General Konvent i Bor\u00e5s. Vid General Konventet valdes nya f\u00f6retr\u00e4dare f\u00f6r orden. Till ny storm\u00e4stare f\u00f6r de kommande 3 \u00e5ren valdes Ingrid Kallstr\u00f6m Bengtsson. Hon kommer tillsammans med Storm\u00e4starr\u00e5det leda orden fram till 2028. Bilder p\u00e5 hela r\u00e5det kommer du &#8230; <a title=\"Ny Stormester valgt ved General Konventet\" class=\"read-more\" href=\"https:\/\/tempelbyggareorden.org\/nb\/ny-stormastare-vald-vid-general-konventet\/\" aria-label=\"Read more about Ny Storm\u00e4stare vald vid General Konventet\">Read more<\/a><\/p>","protected":false},"author":1,"featured_media":0,"comment_status":"closed","ping_status":"closed","sticky":false,"template":"","format":"standard","meta":{"generate_page_header":"","footnotes":""},"categories":[1],"tags":[],"class_list":["post-533","post","type-post","status-publish","format-standard","hentry","category-uncategorized"],"yoast_head":"<!-- This site is optimized with the Yoast SEO plugin v27.5 - https:\/\/yoast.com\/product\/yoast-seo-wordpress\/ -->\n<title>Ny Storm\u00e4stare vald vid General Konventet - Tempel Byggare Orden<\/title>\n<meta name=\"robots\" content=\"index, follow, max-snippet:-1, max-image-preview:large, max-video-preview:-1\" \/>\n<link rel=\"canonical\" href=\"https:\/\/tempelbyggareorden.org\/nb\/ny-stormastare-vald-vid-general-konventet\/\" \/>\n<meta property=\"og:locale\" content=\"nb_NO\" \/>\n<meta property=\"og:type\" content=\"article\" \/>\n<meta property=\"og:title\" content=\"Ny Storm\u00e4stare vald vid General Konventet - Tempel Byggare Orden\" \/>\n<meta property=\"og:description\" content=\"Ny Storm\u00e4stare vald I m\u00e5nadsskiftet juli\/augusti 2025 h\u00f6ll Tempel Byggare Orden och Tempel Riddare Orden General Konvent i Bor\u00e5s. Vid General Konventet valdes nya f\u00f6retr\u00e4dare f\u00f6r orden. Till ny storm\u00e4stare f\u00f6r de kommande 3 \u00e5ren valdes Ingrid Kallstr\u00f6m Bengtsson. Hon kommer tillsammans med Storm\u00e4starr\u00e5det leda orden fram till 2028. Bilder p\u00e5 hela r\u00e5det kommer du ... Read more\" \/>\n<meta property=\"og:url\" content=\"https:\/\/tempelbyggareorden.org\/nb\/ny-stormastare-vald-vid-general-konventet\/\" \/>\n<meta property=\"og:site_name\" content=\"Tempel Byggare Orden\" \/>\n<meta property=\"article:published_time\" content=\"2025-08-07T21:41:22+00:00\" \/>\n<meta property=\"article:modified_time\" content=\"2025-08-08T07:21:57+00:00\" \/>\n<meta property=\"og:image\" content=\"https:\/\/tempelbyggareorden.org\/wp-content\/uploads\/2025\/08\/TBO-SM-25-28.webp\" \/>\n\t<meta property=\"og:image:width\" content=\"739\" \/>\n\t<meta property=\"og:image:height\" content=\"1024\" \/>\n\t<meta property=\"og:image:type\" content=\"image\/webp\" \/>\n<meta name=\"author\" content=\"Tempel Byggare Orden\" \/>\n<meta name=\"twitter:card\" content=\"summary_large_image\" \/>\n<meta name=\"twitter:label1\" content=\"Skrevet av\" \/>\n\t<meta name=\"twitter:data1\" content=\"Tempel Byggare Orden\" \/>\n\t<meta name=\"twitter:label2\" content=\"Ansl. lesetid\" \/>\n\t<meta name=\"twitter:data2\" content=\"2 minutter\" \/>\n<script type=\"application\/ld+json\" class=\"yoast-schema-graph\">{\"@context\":\"https:\\\/\\\/schema.org\",\"@graph\":[{\"@type\":\"Article\",\"@id\":\"https:\\\/\\\/tempelbyggareorden.org\\\/ny-stormastare-vald-vid-general-konventet\\\/#article\",\"isPartOf\":{\"@id\":\"https:\\\/\\\/tempelbyggareorden.org\\\/ny-stormastare-vald-vid-general-konventet\\\/\"},\"author\":{\"name\":\"Tempel Byggare Orden\",\"@id\":\"https:\\\/\\\/tempelbyggareorden.org\\\/#\\\/schema\\\/person\\\/db60309c8fbf0eea01ab8722ae3e7459\"},\"headline\":\"Ny Storm\u00e4stare vald vid General Konventet\",\"datePublished\":\"2025-08-07T21:41:22+00:00\",\"dateModified\":\"2025-08-08T07:21:57+00:00\",\"mainEntityOfPage\":{\"@id\":\"https:\\\/\\\/tempelbyggareorden.org\\\/ny-stormastare-vald-vid-general-konventet\\\/\"},\"wordCount\":120,\"publisher\":{\"@id\":\"https:\\\/\\\/tempelbyggareorden.org\\\/#organization\"},\"image\":{\"@id\":\"https:\\\/\\\/tempelbyggareorden.org\\\/ny-stormastare-vald-vid-general-konventet\\\/#primaryimage\"},\"thumbnailUrl\":\"https:\\\/\\\/tempelbyggareorden.org\\\/wp-content\\\/uploads\\\/2025\\\/08\\\/TBO-SM-25-28.webp\",\"articleSection\":[\"Uncategorized\"],\"inLanguage\":\"nb-NO\"},{\"@type\":\"WebPage\",\"@id\":\"https:\\\/\\\/tempelbyggareorden.org\\\/ny-stormastare-vald-vid-general-konventet\\\/\",\"url\":\"https:\\\/\\\/tempelbyggareorden.org\\\/ny-stormastare-vald-vid-general-konventet\\\/\",\"name\":\"Ny Storm\u00e4stare vald vid General Konventet - Tempel Byggare Orden\",\"isPartOf\":{\"@id\":\"https:\\\/\\\/tempelbyggareorden.org\\\/#website\"},\"primaryImageOfPage\":{\"@id\":\"https:\\\/\\\/tempelbyggareorden.org\\\/ny-stormastare-vald-vid-general-konventet\\\/#primaryimage\"},\"image\":{\"@id\":\"https:\\\/\\\/tempelbyggareorden.org\\\/ny-stormastare-vald-vid-general-konventet\\\/#primaryimage\"},\"thumbnailUrl\":\"https:\\\/\\\/tempelbyggareorden.org\\\/wp-content\\\/uploads\\\/2025\\\/08\\\/TBO-SM-25-28.webp\",\"datePublished\":\"2025-08-07T21:41:22+00:00\",\"dateModified\":\"2025-08-08T07:21:57+00:00\",\"breadcrumb\":{\"@id\":\"https:\\\/\\\/tempelbyggareorden.org\\\/ny-stormastare-vald-vid-general-konventet\\\/#breadcrumb\"},\"inLanguage\":\"nb-NO\",\"potentialAction\":[{\"@type\":\"ReadAction\",\"target\":[\"https:\\\/\\\/tempelbyggareorden.org\\\/ny-stormastare-vald-vid-general-konventet\\\/\"]}]},{\"@type\":\"ImageObject\",\"inLanguage\":\"nb-NO\",\"@id\":\"https:\\\/\\\/tempelbyggareorden.org\\\/ny-stormastare-vald-vid-general-konventet\\\/#primaryimage\",\"url\":\"https:\\\/\\\/tempelbyggareorden.org\\\/wp-content\\\/uploads\\\/2025\\\/08\\\/TBO-SM-25-28.webp\",\"contentUrl\":\"https:\\\/\\\/tempelbyggareorden.org\\\/wp-content\\\/uploads\\\/2025\\\/08\\\/TBO-SM-25-28.webp\"},{\"@type\":\"BreadcrumbList\",\"@id\":\"https:\\\/\\\/tempelbyggareorden.org\\\/ny-stormastare-vald-vid-general-konventet\\\/#breadcrumb\",\"itemListElement\":[{\"@type\":\"ListItem\",\"position\":1,\"name\":\"Hem\",\"item\":\"https:\\\/\\\/tempelbyggareorden.org\\\/\"},{\"@type\":\"ListItem\",\"position\":2,\"name\":\"Ny Storm\u00e4stare vald vid General Konventet\"}]},{\"@type\":\"WebSite\",\"@id\":\"https:\\\/\\\/tempelbyggareorden.org\\\/#website\",\"url\":\"https:\\\/\\\/tempelbyggareorden.org\\\/\",\"name\":\"Tempel Byggare Orden\",\"description\":\"En Orden med gamla anor f\u00f6r nutidens m\u00e4nniskor.\",\"publisher\":{\"@id\":\"https:\\\/\\\/tempelbyggareorden.org\\\/#organization\"},\"potentialAction\":[{\"@type\":\"SearchAction\",\"target\":{\"@type\":\"EntryPoint\",\"urlTemplate\":\"https:\\\/\\\/tempelbyggareorden.org\\\/?s={search_term_string}\"},\"query-input\":{\"@type\":\"PropertyValueSpecification\",\"valueRequired\":true,\"valueName\":\"search_term_string\"}}],\"inLanguage\":\"nb-NO\"},{\"@type\":\"Organization\",\"@id\":\"https:\\\/\\\/tempelbyggareorden.org\\\/#organization\",\"name\":\"Tempel Byggare Orden\",\"url\":\"https:\\\/\\\/tempelbyggareorden.org\\\/\",\"logo\":{\"@type\":\"ImageObject\",\"inLanguage\":\"nb-NO\",\"@id\":\"https:\\\/\\\/tempelbyggareorden.org\\\/#\\\/schema\\\/logo\\\/image\\\/\",\"url\":\"https:\\\/\\\/tempelbyggareorden.org\\\/wp-content\\\/uploads\\\/2019\\\/11\\\/TBO_STSN.jpg\",\"contentUrl\":\"https:\\\/\\\/tempelbyggareorden.org\\\/wp-content\\\/uploads\\\/2019\\\/11\\\/TBO_STSN.jpg\",\"width\":1200,\"height\":630,\"caption\":\"Tempel Byggare Orden\"},\"image\":{\"@id\":\"https:\\\/\\\/tempelbyggareorden.org\\\/#\\\/schema\\\/logo\\\/image\\\/\"}},{\"@type\":\"Person\",\"@id\":\"https:\\\/\\\/tempelbyggareorden.org\\\/#\\\/schema\\\/person\\\/db60309c8fbf0eea01ab8722ae3e7459\",\"name\":\"Tempel Byggare Orden\",\"image\":{\"@type\":\"ImageObject\",\"inLanguage\":\"nb-NO\",\"@id\":\"https:\\\/\\\/secure.gravatar.com\\\/avatar\\\/e49ced2288f5d503135e0f029a32f0aa045e3b3d625412b71209da8e9286ab54?s=96&d=mm&r=g\",\"url\":\"https:\\\/\\\/secure.gravatar.com\\\/avatar\\\/e49ced2288f5d503135e0f029a32f0aa045e3b3d625412b71209da8e9286ab54?s=96&d=mm&r=g\",\"contentUrl\":\"https:\\\/\\\/secure.gravatar.com\\\/avatar\\\/e49ced2288f5d503135e0f029a32f0aa045e3b3d625412b71209da8e9286ab54?s=96&d=mm&r=g\",\"caption\":\"Tempel Byggare Orden\"},\"url\":\"https:\\\/\\\/tempelbyggareorden.org\\\/nb\\\/author\\\/stmr\\\/\"}]}<\/script>\n<!-- \/ Yoast SEO plugin. -->","yoast_head_json":{"title":"Ny Storm\u00e4stare vald vid General Konventet - Tempel Byggare Orden","robots":{"index":"index","follow":"follow","max-snippet":"max-snippet:-1","max-image-preview":"max-image-preview:large","max-video-preview":"max-video-preview:-1"},"canonical":"https:\/\/tempelbyggareorden.org\/nb\/ny-stormastare-vald-vid-general-konventet\/","og_locale":"nb_NO","og_type":"article","og_title":"Ny Storm\u00e4stare vald vid General Konventet - Tempel Byggare Orden","og_description":"Ny Storm\u00e4stare vald I m\u00e5nadsskiftet juli\/augusti 2025 h\u00f6ll Tempel Byggare Orden och Tempel Riddare Orden General Konvent i Bor\u00e5s. Vid General Konventet valdes nya f\u00f6retr\u00e4dare f\u00f6r orden. Till ny storm\u00e4stare f\u00f6r de kommande 3 \u00e5ren valdes Ingrid Kallstr\u00f6m Bengtsson. Hon kommer tillsammans med Storm\u00e4starr\u00e5det leda orden fram till 2028. Bilder p\u00e5 hela r\u00e5det kommer du ... Read more","og_url":"https:\/\/tempelbyggareorden.org\/nb\/ny-stormastare-vald-vid-general-konventet\/","og_site_name":"Tempel Byggare Orden","article_published_time":"2025-08-07T21:41:22+00:00","article_modified_time":"2025-08-08T07:21:57+00:00","og_image":[{"width":739,"height":1024,"url":"https:\/\/tempelbyggareorden.org\/wp-content\/uploads\/2025\/08\/TBO-SM-25-28.webp","type":"image\/webp"}],"author":"Tempel Byggare Orden","twitter_card":"summary_large_image","twitter_misc":{"Skrevet av":"Tempel Byggare Orden","Ansl. lesetid":"2 minutter"},"schema":{"@context":"https:\/\/schema.org","@graph":[{"@type":"Article","@id":"https:\/\/tempelbyggareorden.org\/ny-stormastare-vald-vid-general-konventet\/#article","isPartOf":{"@id":"https:\/\/tempelbyggareorden.org\/ny-stormastare-vald-vid-general-konventet\/"},"author":{"name":"Tempel Byggare Orden","@id":"https:\/\/tempelbyggareorden.org\/#\/schema\/person\/db60309c8fbf0eea01ab8722ae3e7459"},"headline":"Ny Storm\u00e4stare vald vid General Konventet","datePublished":"2025-08-07T21:41:22+00:00","dateModified":"2025-08-08T07:21:57+00:00","mainEntityOfPage":{"@id":"https:\/\/tempelbyggareorden.org\/ny-stormastare-vald-vid-general-konventet\/"},"wordCount":120,"publisher":{"@id":"https:\/\/tempelbyggareorden.org\/#organization"},"image":{"@id":"https:\/\/tempelbyggareorden.org\/ny-stormastare-vald-vid-general-konventet\/#primaryimage"},"thumbnailUrl":"https:\/\/tempelbyggareorden.org\/wp-content\/uploads\/2025\/08\/TBO-SM-25-28.webp","articleSection":["Uncategorized"],"inLanguage":"nb-NO"},{"@type":"WebPage","@id":"https:\/\/tempelbyggareorden.org\/ny-stormastare-vald-vid-general-konventet\/","url":"https:\/\/tempelbyggareorden.org\/ny-stormastare-vald-vid-general-konventet\/","name":"Ny Storm\u00e4stare vald vid General Konventet - Tempel Byggare Orden","isPartOf":{"@id":"https:\/\/tempelbyggareorden.org\/#website"},"primaryImageOfPage":{"@id":"https:\/\/tempelbyggareorden.org\/ny-stormastare-vald-vid-general-konventet\/#primaryimage"},"image":{"@id":"https:\/\/tempelbyggareorden.org\/ny-stormastare-vald-vid-general-konventet\/#primaryimage"},"thumbnailUrl":"https:\/\/tempelbyggareorden.org\/wp-content\/uploads\/2025\/08\/TBO-SM-25-28.webp","datePublished":"2025-08-07T21:41:22+00:00","dateModified":"2025-08-08T07:21:57+00:00","breadcrumb":{"@id":"https:\/\/tempelbyggareorden.org\/ny-stormastare-vald-vid-general-konventet\/#breadcrumb"},"inLanguage":"nb-NO","potentialAction":[{"@type":"ReadAction","target":["https:\/\/tempelbyggareorden.org\/ny-stormastare-vald-vid-general-konventet\/"]}]},{"@type":"ImageObject","inLanguage":"nb-NO","@id":"https:\/\/tempelbyggareorden.org\/ny-stormastare-vald-vid-general-konventet\/#primaryimage","url":"https:\/\/tempelbyggareorden.org\/wp-content\/uploads\/2025\/08\/TBO-SM-25-28.webp","contentUrl":"https:\/\/tempelbyggareorden.org\/wp-content\/uploads\/2025\/08\/TBO-SM-25-28.webp"},{"@type":"BreadcrumbList","@id":"https:\/\/tempelbyggareorden.org\/ny-stormastare-vald-vid-general-konventet\/#breadcrumb","itemListElement":[{"@type":"ListItem","position":1,"name":"Hem","item":"https:\/\/tempelbyggareorden.org\/"},{"@type":"ListItem","position":2,"name":"Ny Storm\u00e4stare vald vid General Konventet"}]},{"@type":"WebSite","@id":"https:\/\/tempelbyggareorden.org\/#website","url":"https:\/\/tempelbyggareorden.org\/","name":"Tempel Bygger Ordenen","description":"En Orden med gamla anor f\u00f6r nutidens m\u00e4nniskor.","publisher":{"@id":"https:\/\/tempelbyggareorden.org\/#organization"},"potentialAction":[{"@type":"SearchAction","target":{"@type":"EntryPoint","urlTemplate":"https:\/\/tempelbyggareorden.org\/?s={search_term_string}"},"query-input":{"@type":"PropertyValueSpecification","valueRequired":true,"valueName":"search_term_string"}}],"inLanguage":"nb-NO"},{"@type":"Organization","@id":"https:\/\/tempelbyggareorden.org\/#organization","name":"Tempel Bygger Ordenen","url":"https:\/\/tempelbyggareorden.org\/","logo":{"@type":"ImageObject","inLanguage":"nb-NO","@id":"https:\/\/tempelbyggareorden.org\/#\/schema\/logo\/image\/","url":"https:\/\/tempelbyggareorden.org\/wp-content\/uploads\/2019\/11\/TBO_STSN.jpg","contentUrl":"https:\/\/tempelbyggareorden.org\/wp-content\/uploads\/2019\/11\/TBO_STSN.jpg","width":1200,"height":630,"caption":"Tempel Byggare Orden"},"image":{"@id":"https:\/\/tempelbyggareorden.org\/#\/schema\/logo\/image\/"}},{"@type":"Person","@id":"https:\/\/tempelbyggareorden.org\/#\/schema\/person\/db60309c8fbf0eea01ab8722ae3e7459","name":"Tempel Bygger Ordenen","image":{"@type":"ImageObject","inLanguage":"nb-NO","@id":"https:\/\/secure.gravatar.com\/avatar\/e49ced2288f5d503135e0f029a32f0aa045e3b3d625412b71209da8e9286ab54?s=96&d=mm&r=g","url":"https:\/\/secure.gravatar.com\/avatar\/e49ced2288f5d503135e0f029a32f0aa045e3b3d625412b71209da8e9286ab54?s=96&d=mm&r=g","contentUrl":"https:\/\/secure.gravatar.com\/avatar\/e49ced2288f5d503135e0f029a32f0aa045e3b3d625412b71209da8e9286ab54?s=96&d=mm&r=g","caption":"Tempel Byggare Orden"},"url":"https:\/\/tempelbyggareorden.org\/nb\/author\/stmr\/"}]}},"_links":{"self":[{"href":"https:\/\/tempelbyggareorden.org\/nb\/wp-json\/wp\/v2\/posts\/533","targetHints":{"allow":["GET"]}}],"collection":[{"href":"https:\/\/tempelbyggareorden.org\/nb\/wp-json\/wp\/v2\/posts"}],"about":[{"href":"https:\/\/tempelbyggareorden.org\/nb\/wp-json\/wp\/v2\/types\/post"}],"author":[{"embeddable":true,"href":"https:\/\/tempelbyggareorden.org\/nb\/wp-json\/wp\/v2\/users\/1"}],"replies":[{"embeddable":true,"href":"https:\/\/tempelbyggareorden.org\/nb\/wp-json\/wp\/v2\/comments?post=533"}],"version-history":[{"count":5,"href":"https:\/\/tempelbyggareorden.org\/nb\/wp-json\/wp\/v2\/posts\/533\/revisions"}],"predecessor-version":[{"id":539,"href":"https:\/\/tempelbyggareorden.org\/nb\/wp-json\/wp\/v2\/posts\/533\/revisions\/539"}],"wp:attachment":[{"href":"https:\/\/tempelbyggareorden.org\/nb\/wp-json\/wp\/v2\/media?parent=533"}],"wp:term":[{"taxonomy":"category","embeddable":true,"href":"https:\/\/tempelbyggareorden.org\/nb\/wp-json\/wp\/v2\/categories?post=533"},{"taxonomy":"post_tag","embeddable":true,"href":"https:\/\/tempelbyggareorden.org\/nb\/wp-json\/wp\/v2\/tags?post=533"}],"curies":[{"name":"wp","href":"https:\/\/api.w.org\/{rel}","templated":true}]}}